{"id":864,"date":"2023-09-21T09:12:12","date_gmt":"2023-09-21T07:12:12","guid":{"rendered":"https:\/\/cygycbiocon.com\/oxa-bionet\/"},"modified":"2024-10-04T09:42:52","modified_gmt":"2024-10-04T07:42:52","slug":"cygyc-biocon-finalista-als-premis-dhl-atlas","status":"publish","type":"post","link":"https:\/\/cygycbiocon.com\/ca\/cygyc-biocon-finalista-als-premis-dhl-atlas\/","title":{"rendered":"CYGYC BIOCON, finalista als Premis DHL Atlas a l&#8217;Exportaci\u00f3"},"content":{"rendered":"<p>CYGYC BIOCON ha estat seleccionada com a finalista a la <strong>IX Edici\u00f3 dels Premis DHL Atles a l&#8217;Exportaci\u00f3<\/strong>, a la categoria d&#8217;<strong>Exportaci\u00f3 + Sostenible<\/strong>. Aquests premis reconeixen empreses que han destacat per la seva <strong>excel\u00b7l\u00e8ncia en la internacionalitzaci\u00f3<\/strong>, innovaci\u00f3 i comprom\u00eds amb la sostenibilitat, i han estat seleccionades entre nombroses candidatures.<\/p>\n<p>El reconeixement a CYGYC BIOCON en aquesta categoria ressalta el seu enfocament a l&#8217;<strong>exportaci\u00f3 responsable<\/strong>, aix\u00ed com el seu esfor\u00e7 per integrar pr\u00e0ctiques sostenibles a les seves operacions globals. L&#8217;empresa ha treballat en iniciatives que busquen minimitzar-ne l&#8217;impacte ambiental, alineades amb la seva expansi\u00f3 internacional.<\/p>\n<p>La cerim\u00f2nia de lliurament de premis se celebrar\u00e0 a finals d&#8217;aquest mes, moment en qu\u00e8 es coneixeran els guanyadors de cada categoria. Ser finalista suposa un reconeixement important per a CYGYC BIOCON i el seu comprom\u00eds amb la sostenibilitat en l&#8217;\u00e0mbit de l&#8217;exportaci\u00f3.<\/p>\n","protected":false},"excerpt":{"rendered":"<p>CYGYC BIOCON ha estat seleccionada com a finalista a la IX Edici\u00f3 dels Premis DHL Atles a l&#8217;Exportaci\u00f3, a la [&hellip;]<\/p>\n","protected":false},"author":1,"featured_media":1229,"comment_status":"open","ping_status":"open","sticky":false,"template":"","format":"standard","meta":{"content-type":"","footnotes":""},"categories":[],"tags":[],"class_list":["post-864","post","type-post","status-publish","format-standard","has-post-thumbnail","hentry"],"yoast_head":"<!-- This site is optimized with the Yoast SEO plugin v23.0 - https:\/\/yoast.com\/wordpress\/plugins\/seo\/ -->\n<title>CYGYC BIOCON, finalista als Premis DHL Atlas a l&#039;Exportaci\u00f3 - CYGYC BIOCON<\/title>\n<meta name=\"description\" content=\"CYGYC BIOCON ha estat seleccionada com a finalista a la IX Edici\u00f3 dels Premis DHL Atlas a l&#039;Exportaci\u00f3.\" \/>\n<meta name=\"robots\" content=\"index, follow, max-snippet:-1, max-image-preview:large, max-video-preview:-1\" \/>\n<link rel=\"canonical\" href=\"https:\/\/cygycbiocon.com\/ca\/cygyc-biocon-finalista-als-premis-dhl-atlas\/\" \/>\n<meta property=\"og:locale\" content=\"ca_ES\" \/>\n<meta property=\"og:type\" content=\"article\" \/>\n<meta property=\"og:title\" content=\"CYGYC BIOCON, finalista als Premis DHL Atlas a l&#039;Exportaci\u00f3 - CYGYC BIOCON\" \/>\n<meta property=\"og:description\" content=\"CYGYC BIOCON ha estat seleccionada com a finalista a la IX Edici\u00f3 dels Premis DHL Atlas a l&#039;Exportaci\u00f3.\" \/>\n<meta property=\"og:url\" content=\"https:\/\/cygycbiocon.com\/ca\/cygyc-biocon-finalista-als-premis-dhl-atlas\/\" \/>\n<meta property=\"og:site_name\" content=\"CYGYC BIOCON\" \/>\n<meta property=\"article:published_time\" content=\"2023-09-21T07:12:12+00:00\" \/>\n<meta property=\"article:modified_time\" content=\"2024-10-04T07:42:52+00:00\" \/>\n<meta property=\"og:image\" content=\"https:\/\/cygycbiocon.com\/wp-content\/uploads\/2023\/09\/Logo-Finalista-en-Premio-a-la-Exportacion-Sostenible-002.png\" \/>\n\t<meta property=\"og:image:width\" content=\"525\" \/>\n\t<meta property=\"og:image:height\" content=\"210\" \/>\n\t<meta property=\"og:image:type\" content=\"image\/png\" \/>\n<meta name=\"author\" content=\"Joan Pastor\" \/>\n<meta name=\"twitter:card\" content=\"summary_large_image\" \/>\n<meta name=\"twitter:label1\" content=\"Escrit per\" \/>\n\t<meta name=\"twitter:data1\" content=\"Joan Pastor\" \/>\n\t<meta name=\"twitter:label2\" content=\"Temps estimat de lectura\" \/>\n\t<meta name=\"twitter:data2\" content=\"1 minut\" \/>\n<script type=\"application\/ld+json\" class=\"yoast-schema-graph\">{\"@context\":\"https:\/\/schema.org\",\"@graph\":[{\"@type\":\"WebPage\",\"@id\":\"https:\/\/cygycbiocon.com\/ca\/cygyc-biocon-finalista-als-premis-dhl-atlas\/\",\"url\":\"https:\/\/cygycbiocon.com\/ca\/cygyc-biocon-finalista-als-premis-dhl-atlas\/\",\"name\":\"CYGYC BIOCON, finalista als Premis DHL Atlas a l'Exportaci\u00f3 - CYGYC BIOCON\",\"isPartOf\":{\"@id\":\"https:\/\/cygycbiocon.com\/#website\"},\"primaryImageOfPage\":{\"@id\":\"https:\/\/cygycbiocon.com\/ca\/cygyc-biocon-finalista-als-premis-dhl-atlas\/#primaryimage\"},\"image\":{\"@id\":\"https:\/\/cygycbiocon.com\/ca\/cygyc-biocon-finalista-als-premis-dhl-atlas\/#primaryimage\"},\"thumbnailUrl\":\"https:\/\/cygycbiocon.com\/wp-content\/uploads\/2023\/09\/Logo-Finalista-en-Premio-a-la-Exportacion-Sostenible-002.png\",\"datePublished\":\"2023-09-21T07:12:12+00:00\",\"dateModified\":\"2024-10-04T07:42:52+00:00\",\"author\":{\"@id\":\"https:\/\/cygycbiocon.com\/#\/schema\/person\/f71e12bde174b250bf22645a70091851\"},\"description\":\"CYGYC BIOCON ha estat seleccionada com a finalista a la IX Edici\u00f3 dels Premis DHL Atlas a l'Exportaci\u00f3.\",\"breadcrumb\":{\"@id\":\"https:\/\/cygycbiocon.com\/ca\/cygyc-biocon-finalista-als-premis-dhl-atlas\/#breadcrumb\"},\"inLanguage\":\"ca\",\"potentialAction\":[{\"@type\":\"ReadAction\",\"target\":[\"https:\/\/cygycbiocon.com\/ca\/cygyc-biocon-finalista-als-premis-dhl-atlas\/\"]}]},{\"@type\":\"ImageObject\",\"inLanguage\":\"ca\",\"@id\":\"https:\/\/cygycbiocon.com\/ca\/cygyc-biocon-finalista-als-premis-dhl-atlas\/#primaryimage\",\"url\":\"https:\/\/cygycbiocon.com\/wp-content\/uploads\/2023\/09\/Logo-Finalista-en-Premio-a-la-Exportacion-Sostenible-002.png\",\"contentUrl\":\"https:\/\/cygycbiocon.com\/wp-content\/uploads\/2023\/09\/Logo-Finalista-en-Premio-a-la-Exportacion-Sostenible-002.png\",\"width\":525,\"height\":210},{\"@type\":\"BreadcrumbList\",\"@id\":\"https:\/\/cygycbiocon.com\/ca\/cygyc-biocon-finalista-als-premis-dhl-atlas\/#breadcrumb\",\"itemListElement\":[{\"@type\":\"ListItem\",\"position\":1,\"name\":\"Portada\",\"item\":\"https:\/\/cygycbiocon.com\/ca\/\"},{\"@type\":\"ListItem\",\"position\":2,\"name\":\"CYGYC BIOCON, finalista als Premis DHL Atlas a l&#8217;Exportaci\u00f3\"}]},{\"@type\":\"WebSite\",\"@id\":\"https:\/\/cygycbiocon.com\/#website\",\"url\":\"https:\/\/cygycbiocon.com\/\",\"name\":\"CYGYC BIOCON\",\"description\":\"\",\"potentialAction\":[{\"@type\":\"SearchAction\",\"target\":{\"@type\":\"EntryPoint\",\"urlTemplate\":\"https:\/\/cygycbiocon.com\/?s={search_term_string}\"},\"query-input\":\"required name=search_term_string\"}],\"inLanguage\":\"ca\"},{\"@type\":\"Person\",\"@id\":\"https:\/\/cygycbiocon.com\/#\/schema\/person\/f71e12bde174b250bf22645a70091851\",\"name\":\"Joan Pastor\",\"image\":{\"@type\":\"ImageObject\",\"inLanguage\":\"ca\",\"@id\":\"https:\/\/cygycbiocon.com\/#\/schema\/person\/image\/\",\"url\":\"https:\/\/secure.gravatar.com\/avatar\/7dc993d55c4ec102c60ca929dd2b8e21aeca5606b4c466e4bfefd1c8955e9d58?s=96&d=mm&r=g\",\"contentUrl\":\"https:\/\/secure.gravatar.com\/avatar\/7dc993d55c4ec102c60ca929dd2b8e21aeca5606b4c466e4bfefd1c8955e9d58?s=96&d=mm&r=g\",\"caption\":\"Joan Pastor\"},\"sameAs\":[\"http:\/\/cygycbiocon.com\"],\"url\":\"https:\/\/cygycbiocon.com\/ca\/author\/minsk\/\"}]}<\/script>\n<!-- \/ Yoast SEO plugin. -->","yoast_head_json":{"title":"CYGYC BIOCON, finalista als Premis DHL Atlas a l'Exportaci\u00f3 - CYGYC BIOCON","description":"CYGYC BIOCON ha estat seleccionada com a finalista a la IX Edici\u00f3 dels Premis DHL Atlas a l'Exportaci\u00f3.","robots":{"index":"index","follow":"follow","max-snippet":"max-snippet:-1","max-image-preview":"max-image-preview:large","max-video-preview":"max-video-preview:-1"},"canonical":"https:\/\/cygycbiocon.com\/ca\/cygyc-biocon-finalista-als-premis-dhl-atlas\/","og_locale":"ca_ES","og_type":"article","og_title":"CYGYC BIOCON, finalista als Premis DHL Atlas a l'Exportaci\u00f3 - CYGYC BIOCON","og_description":"CYGYC BIOCON ha estat seleccionada com a finalista a la IX Edici\u00f3 dels Premis DHL Atlas a l'Exportaci\u00f3.","og_url":"https:\/\/cygycbiocon.com\/ca\/cygyc-biocon-finalista-als-premis-dhl-atlas\/","og_site_name":"CYGYC BIOCON","article_published_time":"2023-09-21T07:12:12+00:00","article_modified_time":"2024-10-04T07:42:52+00:00","og_image":[{"width":525,"height":210,"url":"https:\/\/cygycbiocon.com\/wp-content\/uploads\/2023\/09\/Logo-Finalista-en-Premio-a-la-Exportacion-Sostenible-002.png","type":"image\/png"}],"author":"Joan Pastor","twitter_card":"summary_large_image","twitter_misc":{"Escrit per":"Joan Pastor","Temps estimat de lectura":"1 minut"},"schema":{"@context":"https:\/\/schema.org","@graph":[{"@type":"WebPage","@id":"https:\/\/cygycbiocon.com\/ca\/cygyc-biocon-finalista-als-premis-dhl-atlas\/","url":"https:\/\/cygycbiocon.com\/ca\/cygyc-biocon-finalista-als-premis-dhl-atlas\/","name":"CYGYC BIOCON, finalista als Premis DHL Atlas a l'Exportaci\u00f3 - CYGYC BIOCON","isPartOf":{"@id":"https:\/\/cygycbiocon.com\/#website"},"primaryImageOfPage":{"@id":"https:\/\/cygycbiocon.com\/ca\/cygyc-biocon-finalista-als-premis-dhl-atlas\/#primaryimage"},"image":{"@id":"https:\/\/cygycbiocon.com\/ca\/cygyc-biocon-finalista-als-premis-dhl-atlas\/#primaryimage"},"thumbnailUrl":"https:\/\/cygycbiocon.com\/wp-content\/uploads\/2023\/09\/Logo-Finalista-en-Premio-a-la-Exportacion-Sostenible-002.png","datePublished":"2023-09-21T07:12:12+00:00","dateModified":"2024-10-04T07:42:52+00:00","author":{"@id":"https:\/\/cygycbiocon.com\/#\/schema\/person\/f71e12bde174b250bf22645a70091851"},"description":"CYGYC BIOCON ha estat seleccionada com a finalista a la IX Edici\u00f3 dels Premis DHL Atlas a l'Exportaci\u00f3.","breadcrumb":{"@id":"https:\/\/cygycbiocon.com\/ca\/cygyc-biocon-finalista-als-premis-dhl-atlas\/#breadcrumb"},"inLanguage":"ca","potentialAction":[{"@type":"ReadAction","target":["https:\/\/cygycbiocon.com\/ca\/cygyc-biocon-finalista-als-premis-dhl-atlas\/"]}]},{"@type":"ImageObject","inLanguage":"ca","@id":"https:\/\/cygycbiocon.com\/ca\/cygyc-biocon-finalista-als-premis-dhl-atlas\/#primaryimage","url":"https:\/\/cygycbiocon.com\/wp-content\/uploads\/2023\/09\/Logo-Finalista-en-Premio-a-la-Exportacion-Sostenible-002.png","contentUrl":"https:\/\/cygycbiocon.com\/wp-content\/uploads\/2023\/09\/Logo-Finalista-en-Premio-a-la-Exportacion-Sostenible-002.png","width":525,"height":210},{"@type":"BreadcrumbList","@id":"https:\/\/cygycbiocon.com\/ca\/cygyc-biocon-finalista-als-premis-dhl-atlas\/#breadcrumb","itemListElement":[{"@type":"ListItem","position":1,"name":"Portada","item":"https:\/\/cygycbiocon.com\/ca\/"},{"@type":"ListItem","position":2,"name":"CYGYC BIOCON, finalista als Premis DHL Atlas a l&#8217;Exportaci\u00f3"}]},{"@type":"WebSite","@id":"https:\/\/cygycbiocon.com\/#website","url":"https:\/\/cygycbiocon.com\/","name":"CYGYC BIOCON","description":"","potentialAction":[{"@type":"SearchAction","target":{"@type":"EntryPoint","urlTemplate":"https:\/\/cygycbiocon.com\/?s={search_term_string}"},"query-input":"required name=search_term_string"}],"inLanguage":"ca"},{"@type":"Person","@id":"https:\/\/cygycbiocon.com\/#\/schema\/person\/f71e12bde174b250bf22645a70091851","name":"Joan Pastor","image":{"@type":"ImageObject","inLanguage":"ca","@id":"https:\/\/cygycbiocon.com\/#\/schema\/person\/image\/","url":"https:\/\/secure.gravatar.com\/avatar\/7dc993d55c4ec102c60ca929dd2b8e21aeca5606b4c466e4bfefd1c8955e9d58?s=96&d=mm&r=g","contentUrl":"https:\/\/secure.gravatar.com\/avatar\/7dc993d55c4ec102c60ca929dd2b8e21aeca5606b4c466e4bfefd1c8955e9d58?s=96&d=mm&r=g","caption":"Joan Pastor"},"sameAs":["http:\/\/cygycbiocon.com"],"url":"https:\/\/cygycbiocon.com\/ca\/author\/minsk\/"}]}},"_links":{"self":[{"href":"https:\/\/cygycbiocon.com\/ca\/wp-json\/wp\/v2\/posts\/864","targetHints":{"allow":["GET"]}}],"collection":[{"href":"https:\/\/cygycbiocon.com\/ca\/wp-json\/wp\/v2\/posts"}],"about":[{"href":"https:\/\/cygycbiocon.com\/ca\/wp-json\/wp\/v2\/types\/post"}],"author":[{"embeddable":true,"href":"https:\/\/cygycbiocon.com\/ca\/wp-json\/wp\/v2\/users\/1"}],"replies":[{"embeddable":true,"href":"https:\/\/cygycbiocon.com\/ca\/wp-json\/wp\/v2\/comments?post=864"}],"version-history":[{"count":4,"href":"https:\/\/cygycbiocon.com\/ca\/wp-json\/wp\/v2\/posts\/864\/revisions"}],"predecessor-version":[{"id":1237,"href":"https:\/\/cygycbiocon.com\/ca\/wp-json\/wp\/v2\/posts\/864\/revisions\/1237"}],"wp:featuredmedia":[{"embeddable":true,"href":"https:\/\/cygycbiocon.com\/ca\/wp-json\/wp\/v2\/media\/1229"}],"wp:attachment":[{"href":"https:\/\/cygycbiocon.com\/ca\/wp-json\/wp\/v2\/media?parent=864"}],"wp:term":[{"taxonomy":"category","embeddable":true,"href":"https:\/\/cygycbiocon.com\/ca\/wp-json\/wp\/v2\/categories?post=864"},{"taxonomy":"post_tag","embeddable":true,"href":"https:\/\/cygycbiocon.com\/ca\/wp-json\/wp\/v2\/tags?post=864"}],"curies":[{"name":"wp","href":"https:\/\/api.w.org\/{rel}","templated":true}]}}